{"id":7680,"date":"2025-05-15T13:00:26","date_gmt":"2025-05-15T11:00:26","guid":{"rendered":"https:\/\/pedrodeatarrabia.educacion.navarra.es\/web1\/?p=7680"},"modified":"2025-05-15T13:01:59","modified_gmt":"2025-05-15T11:01:59","slug":"becas-ensenanzas-postobligatorias","status":"publish","type":"post","link":"https:\/\/pedrodeatarrabia.educacion.navarra.es\/web1\/blog\/2025\/05\/15\/becas-ensenanzas-postobligatorias\/","title":{"rendered":"Becas ense\u00f1anzas postobligatorias"},"content":{"rendered":"\n<p>\u00a0El plazo de presentaci\u00f3n de solicitudes de beca del Ministerio de Educaci\u00f3n se ampl\u00eda hasta el 30 de mayo:<\/p>\n\n\n\n<p><a href=\"https:\/\/sede.educacion.gob.es\/sede\/login\/inicio.jjsp?idConvocatoria=2256\">https:\/\/sede.educacion.gob.es\/sede\/login\/inicio.jjsp?idConvocatoria=2256<\/a><\/p>\n","protected":false},"excerpt":{"rendered":"<p>\u00a0El plazo de presentaci\u00f3n de solicitudes de beca del Ministerio de Educaci\u00f3n se ampl\u00eda hasta el 30 de mayo: https:\/\/sede.educacion.gob.es\/sede\/login\/inicio.jjsp?idConvocatoria=2256<\/p>\n","protected":false},"author":5,"featured_media":0,"comment_status":"open","ping_status":"open","sticky":false,"template":"","format":"standard","meta":{"_genesis_hide_title":false,"_genesis_hide_breadcrumbs":false,"_genesis_hide_singular_image":false,"_genesis_hide_footer_widgets":false,"_genesis_custom_body_class":"","_genesis_custom_post_class":"","_genesis_layout":""},"categories":[1],"tags":[],"featured_image_src":null,"featured_image_src_square":null,"author_info":{"display_name":"Oficina","author_link":"https:\/\/pedrodeatarrabia.educacion.navarra.es\/web1\/blog\/author\/administrativa1\/"},"_links":{"self":[{"href":"https:\/\/pedrodeatarrabia.educacion.navarra.es\/web1\/wp-json\/wp\/v2\/posts\/7680"}],"collection":[{"href":"https:\/\/pedrodeatarrabia.educacion.navarra.es\/web1\/wp-json\/wp\/v2\/posts"}],"about":[{"href":"https:\/\/pedrodeatarrabia.educacion.navarra.es\/web1\/wp-json\/wp\/v2\/types\/post"}],"author":[{"embeddable":true,"href":"https:\/\/pedrodeatarrabia.educacion.navarra.es\/web1\/wp-json\/wp\/v2\/users\/5"}],"replies":[{"embeddable":true,"href":"https:\/\/pedrodeatarrabia.educacion.navarra.es\/web1\/wp-json\/wp\/v2\/comments?post=7680"}],"version-history":[{"count":2,"href":"https:\/\/pedrodeatarrabia.educacion.navarra.es\/web1\/wp-json\/wp\/v2\/posts\/7680\/revisions"}],"predecessor-version":[{"id":7682,"href":"https:\/\/pedrodeatarrabia.educacion.navarra.es\/web1\/wp-json\/wp\/v2\/posts\/7680\/revisions\/7682"}],"wp:attachment":[{"href":"https:\/\/pedrodeatarrabia.educacion.navarra.es\/web1\/wp-json\/wp\/v2\/media?parent=7680"}],"wp:term":[{"taxonomy":"category","embeddable":true,"href":"https:\/\/pedrodeatarrabia.educacion.navarra.es\/web1\/wp-json\/wp\/v2\/categories?post=7680"},{"taxonomy":"post_tag","embeddable":true,"href":"https:\/\/pedrodeatarrabia.educacion.navarra.es\/web1\/wp-json\/wp\/v2\/tags?post=7680"}],"curies":[{"name":"wp","href":"https:\/\/api.w.org\/{rel}","templated":true}]}}