{"id":7081,"date":"2024-10-28T10:42:57","date_gmt":"2024-10-28T09:42:57","guid":{"rendered":"https:\/\/pedrodeatarrabia.educacion.navarra.es\/web1\/?p=7081"},"modified":"2024-10-28T10:42:58","modified_gmt":"2024-10-28T09:42:58","slug":"nos-vamos-al-cine","status":"publish","type":"post","link":"https:\/\/pedrodeatarrabia.educacion.navarra.es\/web1\/blog\/2024\/10\/28\/nos-vamos-al-cine\/","title":{"rendered":"NOS VAMOS AL CINE!!"},"content":{"rendered":"\n<p>El d\u00eda 22 de octubre participamos en la proyecci\u00f3n de la pel\u00edcula \u201cTu belleza no vale nada\u2026\u201d organizado por la sociedad Hispano-alemana del norte de Espa\u00f1a.<\/p>\n\n\n\n<p>&nbsp;&nbsp;Este t\u00edtulo refleja el intento de un ni\u00f1o kurdo de integrarse en la cultura alemana, traduce una canci\u00f3n turca para recit\u00e1rsela a una compa\u00f1era de clase.&nbsp;<\/p>\n\n\n\n<p>A esta actividad asistimos el d\u00eda 22 de octubre los alumnos que cursan alem\u00e1n de 3\u00baESO, y los de 2\u00baESO de euskera. <\/p>\n\n\n\n<figure class=\"wp-block-image size-full\"><img loading=\"lazy\" width=\"882\" height=\"611\" src=\"https:\/\/pedrodeatarrabia.educacion.navarra.es\/web1\/wp-content\/uploads\/2024\/10\/Captura-2.png\" alt=\"\" class=\"wp-image-7082\" srcset=\"https:\/\/pedrodeatarrabia.educacion.navarra.es\/web1\/wp-content\/uploads\/2024\/10\/Captura-2.png 882w, https:\/\/pedrodeatarrabia.educacion.navarra.es\/web1\/wp-content\/uploads\/2024\/10\/Captura-2-300x208.png 300w, https:\/\/pedrodeatarrabia.educacion.navarra.es\/web1\/wp-content\/uploads\/2024\/10\/Captura-2-768x532.png 768w\" sizes=\"(max-width: 882px) 100vw, 882px\" \/><\/figure>\n\n\n\n<div class=\"wp-container-1 wp-block-buttons\">\n<div class=\"wp-block-button\"><a class=\"wp-block-button__link has-vivid-cyan-blue-background-color has-background\" href=\"https:\/\/docs.google.com\/presentation\/d\/1KWNvRZOaNtUr8mVi5soPFgPG6e5-gEtZhivDQqcLPNw\/edit?usp=sharing\" target=\"_blank\" rel=\"noreferrer noopener\">ENLACE A LA INFORMACI\u00d3N<\/a><\/div>\n<\/div>\n\n\n\n<p><\/p>\n","protected":false},"excerpt":{"rendered":"<p>El d\u00eda 22 de octubre participamos en la proyecci\u00f3n de la pel\u00edcula \u201cTu belleza no vale nada\u2026\u201d organizado por la sociedad Hispano-alemana del norte de Espa\u00f1a. &nbsp;&nbsp;Este t\u00edtulo refleja el intento de un ni\u00f1o kurdo de integrarse en la cultura alemana, traduce una canci\u00f3n turca para recit\u00e1rsela a una compa\u00f1era de clase.&nbsp; A esta actividad [&hellip;]<\/p>\n","protected":false},"author":7,"featured_media":7082,"comment_status":"open","ping_status":"open","sticky":false,"template":"","format":"standard","meta":{"_genesis_hide_title":false,"_genesis_hide_breadcrumbs":false,"_genesis_hide_singular_image":false,"_genesis_hide_footer_widgets":false,"_genesis_custom_body_class":"","_genesis_custom_post_class":"","_genesis_layout":""},"categories":[1],"tags":[],"featured_image_src":"https:\/\/pedrodeatarrabia.educacion.navarra.es\/web1\/wp-content\/uploads\/2024\/10\/Captura-2-600x400.png","featured_image_src_square":"https:\/\/pedrodeatarrabia.educacion.navarra.es\/web1\/wp-content\/uploads\/2024\/10\/Captura-2-600x600.png","author_info":{"display_name":"yilundai","author_link":"https:\/\/pedrodeatarrabia.educacion.navarra.es\/web1\/blog\/author\/yilundai\/"},"_links":{"self":[{"href":"https:\/\/pedrodeatarrabia.educacion.navarra.es\/web1\/wp-json\/wp\/v2\/posts\/7081"}],"collection":[{"href":"https:\/\/pedrodeatarrabia.educacion.navarra.es\/web1\/wp-json\/wp\/v2\/posts"}],"about":[{"href":"https:\/\/pedrodeatarrabia.educacion.navarra.es\/web1\/wp-json\/wp\/v2\/types\/post"}],"author":[{"embeddable":true,"href":"https:\/\/pedrodeatarrabia.educacion.navarra.es\/web1\/wp-json\/wp\/v2\/users\/7"}],"replies":[{"embeddable":true,"href":"https:\/\/pedrodeatarrabia.educacion.navarra.es\/web1\/wp-json\/wp\/v2\/comments?post=7081"}],"version-history":[{"count":1,"href":"https:\/\/pedrodeatarrabia.educacion.navarra.es\/web1\/wp-json\/wp\/v2\/posts\/7081\/revisions"}],"predecessor-version":[{"id":7084,"href":"https:\/\/pedrodeatarrabia.educacion.navarra.es\/web1\/wp-json\/wp\/v2\/posts\/7081\/revisions\/7084"}],"wp:featuredmedia":[{"embeddable":true,"href":"https:\/\/pedrodeatarrabia.educacion.navarra.es\/web1\/wp-json\/wp\/v2\/media\/7082"}],"wp:attachment":[{"href":"https:\/\/pedrodeatarrabia.educacion.navarra.es\/web1\/wp-json\/wp\/v2\/media?parent=7081"}],"wp:term":[{"taxonomy":"category","embeddable":true,"href":"https:\/\/pedrodeatarrabia.educacion.navarra.es\/web1\/wp-json\/wp\/v2\/categories?post=7081"},{"taxonomy":"post_tag","embeddable":true,"href":"https:\/\/pedrodeatarrabia.educacion.navarra.es\/web1\/wp-json\/wp\/v2\/tags?post=7081"}],"curies":[{"name":"wp","href":"https:\/\/api.w.org\/{rel}","templated":true}]}}